{"id":17037,"date":"2026-01-04T06:54:15","date_gmt":"2026-01-04T03:54:15","guid":{"rendered":"https:\/\/korpekalemler.net\/?p=17037"},"modified":"2026-01-07T20:11:39","modified_gmt":"2026-01-07T17:11:39","slug":"basortulu-kadinlarin-degisen-hukumetler-ile-degismeyen-kaderi","status":"publish","type":"post","link":"https:\/\/korpekalemler.net\/index.php\/2026\/01\/04\/basortulu-kadinlarin-degisen-hukumetler-ile-degismeyen-kaderi\/","title":{"rendered":"Ba\u015f\u00f6rt\u00fcl\u00fc Kad\u0131nlar\u0131n De\u011fi\u015fen H\u00fck\u00fcmetler ile De\u011fi\u015fmeyen Kaderi"},"content":{"rendered":"<p>T\u00fcrkiye\u2019de ya\u015fanan bir\u00e7ok ciddi toplumsal hareketin yan oyuncusu, deyim yerindeyse fig\u00fcran\u0131 ve adeta kuklas\u0131 hep ba\u015f\u00f6rt\u00fcl\u00fc kad\u0131nlar olmu\u015ftur. Bu tespit her ne kadar \u201edost ac\u0131 s\u00f6yler\u201c kabilinden a\u011f\u0131r bir itham gibi g\u00f6r\u00fcnse de tarihsel ger\u00e7eklik bu tabloyu desteklemektedir. 28 \u015eubat d\u00f6neminde ellerine kelep\u00e7e vurulup hapse g\u00f6nderilenlerin ezici \u00e7o\u011funlu\u011fu, hatta tamam\u0131; ba\u015f\u00f6rt\u00fcl\u00fc, dindar ve muhafazakar bir hayat s\u00fcren kad\u0131nlard\u0131.<\/p>\n<p>Bir zamanlar \u00fclkenin en modernist yap\u0131s\u0131 olarak g\u00f6r\u00fclen, \u00f6vg\u00fclerin ayyuka \u00e7\u0131kt\u0131\u011f\u0131, h\u00fck\u00fcmet ve sivil toplum kurulu\u015flar\u0131nca el \u00fcst\u00fcnde tutulan Fethullah G\u00fclen cemaatinin (g\u00fcn\u00fcm\u00fcz tabiriyle FET\u00d6) \u201ehan\u0131m a\u011falar\u0131n\u0131n\u201c da b\u00fcy\u00fck \u00e7o\u011funlu\u011fu ba\u015f\u00f6rt\u00fcl\u00fcyd\u00fc. Onlar da g\u00fcn geldi ellerine kelep\u00e7e tak\u0131larak \u00e7ocuklar\u0131yla birlikte cezaevlerine g\u00f6nderildiler. Benzer bir tabloyu Furkan Vakf\u0131 b\u00fcnyesinde de g\u00f6rd\u00fck; radikal bir giyim bi\u00e7imi olan \u00e7ar\u015faf\u0131 tercih eden kad\u0131nlar, vak\u0131f liderinin ele\u015ftirileri ve siyasi s\u00fcre\u00e7ler neticesinde yine kelep\u00e7elerle zindanlara sevk edildiler.<\/p>\n<p>\u00d6te yandan, ba\u015f\u00f6rt\u00fcl\u00fc olmay\u0131p K\u00fcrt haklar\u0131n\u0131 savundu\u011funu iddia eden bir partinin kad\u0131n vekillerinin de toplu halde hapse g\u00f6t\u00fcr\u00fcld\u00fc\u011f\u00fcne \u015fahitlik ettik. Bir de Adnan Oktar vakas\u0131 vard\u0131; ne yapt\u0131\u011f\u0131 pek anla\u015f\u0131lmayan, gazino i\u015fletmecisi tav\u0131rlar\u0131yla din\u00ee cemaat\u00e7ilik oynayan, \u201ekedicik\u201c olarak adland\u0131r\u0131lan kad\u0131nlar da ayn\u0131 ak\u0131beti payla\u015ft\u0131.<\/p>\n<p>Buna kar\u015f\u0131n, halk\u0131 hi\u00e7bir zaman anlamadan, tan\u0131madan Atat\u00fcrk ismini kullanarak g\u00fc\u00e7 elde eden, toplumda kutupla\u015fma ve nefret tohumlar\u0131 eken, kendi gettolar\u0131nda stat\u00fc ve zenginlik i\u00e7inde ya\u015fayan bir kesimin varl\u0131\u011f\u0131 da yads\u0131namaz. Rak\u0131 i\u00e7meyi uzaya \u00e7\u0131kmakla e\u015fde\u011fer g\u00f6ren, kendilerini \u201elaik ve \u00e7a\u011fda\u015f\u201c olarak niteleyip \u201e\u00f6teki\u201c g\u00f6rd\u00fcklerine ya\u015fam bi\u00e7imi dikte etmeyi hak sayan bu kudretli ulusalc\u0131 az\u0131nl\u0131\u011f\u0131n kad\u0131nlar\u0131n\u0131n, hi\u00e7bir zaman b\u00f6yle toplu halde kelep\u00e7elenip hapse at\u0131ld\u0131\u011f\u0131n\u0131 g\u00f6rmedim. D\u00fcnyevi hayatlar\u0131n\u0131 garantiye alm\u0131\u015f bu \u00f6z g\u00fcvenli ve kendince \u201ese\u00e7kin\u201c grup; ba\u015f\u00f6rt\u00fcl\u00fclere \u201eter\u00f6rist, m\u00fcrteci, s\u0131kmaba\u015f\u201c diyerek hakaret eden, \u00f6rt\u00fcleri nedeniyle beyinlerine oksijen gitmedi\u011fini iddia eden bir s\u00f6ylem geli\u015ftirdi. Bu d\u0131\u015flay\u0131c\u0131 ve cahilce s\u00f6ylemler sonucunda, e\u011fitim haklar\u0131 gasp edilen binlerce gen\u00e7 k\u0131z\u0131n hayat\u0131 karart\u0131ld\u0131. Oysa en ger\u00e7ek \u00e7a\u011fda\u015fl\u0131k, \u00f6zg\u00fcr d\u00fc\u015f\u00fcnce ve h\u00fcrriyettir.<\/p>\n<p>Meseleye objektif bir perspektiften bak\u0131ld\u0131\u011f\u0131nda; ba\u015f\u00f6rt\u00fcs\u00fcn\u00fc kendi r\u0131zas\u0131yla ya da \u00e7evre bask\u0131s\u0131yla tercih eden kad\u0131nlar, sosyalle\u015fme ihtiya\u00e7lar\u0131n\u0131 genellikle kendi d\u00fcnya g\u00f6r\u00fc\u015flerine uygun g\u00f6rd\u00fc\u011f\u00fc dernek, cemaat veya partilerde gidermeye \u00e7al\u0131\u015f\u0131rlar. Benzer \u015fekilde laiklik iddias\u0131nda olanlar da kendi yap\u0131lar\u0131 i\u00e7erisinde varl\u0131k g\u00f6sterirler. Ancak toplumsal alg\u0131da ba\u015f\u00f6rt\u00fcl\u00fcler, \u00e7o\u011funlukla \u201esorgulamayan, itaatk\u00e2r robotlar\u201c olarak kodlanm\u0131\u015ft\u0131r. Cemaatler de zaten itaati seven, bireysel sorgulamay\u0131 d\u0131\u015flayan yap\u0131lar olarak bilinir.<\/p>\n<p>Peki, haremlik-selaml\u0131k uygulamalara riayet eden, sesinin bile duyulmas\u0131n\u0131 istemeyen bu \u201eanti-devrimci\u201c kad\u0131nlar, nas\u0131l oluyor da en iddial\u0131 devrimcilere ta\u015f \u00e7\u0131kart\u0131rcas\u0131na d\u00f6nem d\u00f6nem kelep\u00e7elerle so\u011fuk h\u00fccrelere g\u00f6nderiliyor? Bu kad\u0131nlar nedenini hi\u00e7 d\u00fc\u015f\u00fcnd\u00fcler mi? Vatan\u0131n\u0131 ve \u00fclkesini, o \u201elaikli\u011fi gasp edenlerden\u201c daha \u00e7ok sevdikleri halde, neden sistem taraf\u0131ndan ilk feda edilen \u201ezay\u0131f halka\u201c olarak g\u00f6r\u00fcl\u00fcyorlar?<\/p>\n<p>Bir zamanlar cemaatlerinde ald\u0131klar\u0131 stat\u00fc kar\u015f\u0131l\u0131\u011f\u0131nda itaat ve bask\u0131da s\u0131n\u0131r tan\u0131mayanlar, art\u0131k bu trajik d\u00f6ng\u00fcn\u00fcn nedenini sorgulamal\u0131d\u0131r. Bizler bu \u00fclkenin vatanda\u015f\u0131 de\u011fil miyiz? Sistem, \u00f6nce \u00f6n\u00fcn\u00fc a\u00e7t\u0131\u011f\u0131 cemaat veya partileri i\u015fi bitince tasfiye ederken, neden en a\u011f\u0131r bedeli bu yap\u0131lara eklemlenmi\u015f kad\u0131nlara \u00f6detiyor?<\/p>\n<p>Ey ba\u015f\u00f6rt\u00fcs\u00fc camias\u0131, art\u0131k ak\u0131llanma vakti gelmi\u015ftir! \u00d6rt\u00fc takt\u0131n\u0131z diye herhangi bir din\u00ee cemaate ya da siyasi partiye mahk\u00fbm de\u011filsiniz. E\u011fer inan\u0131yorsan\u0131z, \u00f6rt\u00fcn\u00fcz\u00fc birilerinin ma\u015fas\u0131 veya siyasi aleti haline getirmeyin. Ba\u011f\u0131ms\u0131z olan, sorgulayan, haks\u0131zl\u0131\u011fa kar\u015f\u0131 duran ve ayd\u0131nl\u0131k fikirli bireyler olmay\u0131 tercih edin. Bu ya\u015fananlar bir kader de\u011fil, tercihtir. Tarihin ak\u0131\u015f\u0131n\u0131 de\u011fi\u015ftirmek bizlerin elindedir. Her birimiz yery\u00fcz\u00fcn\u00fcn halifesi isek, Allah ile aram\u0131za arac\u0131lar koymaya ve bu arac\u0131lara k\u00f6r\u00fc k\u00f6r\u00fcne itaat etmeye ihtiyac\u0131m\u0131z yoktur.<\/p>\n<p>&nbsp;<\/p>\n","protected":false},"excerpt":{"rendered":"<p>T\u00fcrkiye\u2019de ya\u015fanan bir\u00e7ok ciddi toplumsal hareketin yan oyuncusu, deyim yerindeyse fig\u00fcran\u0131 ve adeta kuklas\u0131 hep ba\u015f\u00f6rt\u00fcl\u00fc kad\u0131nlar olmu\u015ftur. Bu tespit her ne kadar \u201edost ac\u0131 s\u00f6yler\u201c kabilinden a\u011f\u0131r bir itham gibi g\u00f6r\u00fcnse de tarihsel ger\u00e7eklik bu tabloyu desteklemektedir. 28 \u015eubat d\u00f6neminde ellerine kelep\u00e7e vurulup hapse g\u00f6nderilenlerin ezici \u00e7o\u011funlu\u011fu, hatta tamam\u0131; ba\u015f\u00f6rt\u00fcl\u00fc, dindar ve muhafazakar bir&hellip;<\/p>\n","protected":false},"author":1,"featured_media":17082,"comment_status":"open","ping_status":"open","sticky":false,"template":"","format":"standard","meta":{"saved_in_kubio":false,"_mi_skip_tracking":false,"_monsterinsights_sitenote_active":false,"_monsterinsights_sitenote_note":"","_monsterinsights_sitenote_category":0,"fifu_image_url":"","fifu_image_alt":"","_jetpack_memberships_contains_paid_content":false,"footnotes":""},"categories":[145,295,233],"tags":[],"class_list":["post-17037","post","type-post","status-publish","format-standard","has-post-thumbnail","hentry","category-dusunce","category-ocak-26","category-tuba-cicek","category-145","category-295","category-233","description-off"],"aioseo_notices":[],"jetpack_featured_media_url":"https:\/\/korpekalemler.net\/wp-content\/uploads\/2026\/01\/1767445512131.jpg","jetpack_sharing_enabled":true,"_links":{"self":[{"href":"https:\/\/korpekalemler.net\/index.php\/wp-json\/wp\/v2\/posts\/17037"}],"collection":[{"href":"https:\/\/korpekalemler.net\/index.php\/wp-json\/wp\/v2\/posts"}],"about":[{"href":"https:\/\/korpekalemler.net\/index.php\/wp-json\/wp\/v2\/types\/post"}],"author":[{"embeddable":true,"href":"https:\/\/korpekalemler.net\/index.php\/wp-json\/wp\/v2\/users\/1"}],"replies":[{"embeddable":true,"href":"https:\/\/korpekalemler.net\/index.php\/wp-json\/wp\/v2\/comments?post=17037"}],"version-history":[{"count":1,"href":"https:\/\/korpekalemler.net\/index.php\/wp-json\/wp\/v2\/posts\/17037\/revisions"}],"predecessor-version":[{"id":17038,"href":"https:\/\/korpekalemler.net\/index.php\/wp-json\/wp\/v2\/posts\/17037\/revisions\/17038"}],"wp:featuredmedia":[{"embeddable":true,"href":"https:\/\/korpekalemler.net\/index.php\/wp-json\/wp\/v2\/media\/17082"}],"wp:attachment":[{"href":"https:\/\/korpekalemler.net\/index.php\/wp-json\/wp\/v2\/media?parent=17037"}],"wp:term":[{"taxonomy":"category","embeddable":true,"href":"https:\/\/korpekalemler.net\/index.php\/wp-json\/wp\/v2\/categories?post=17037"},{"taxonomy":"post_tag","embeddable":true,"href":"https:\/\/korpekalemler.net\/index.php\/wp-json\/wp\/v2\/tags?post=17037"}],"curies":[{"name":"wp","href":"https:\/\/api.w.org\/{rel}","templated":true}]}}